{"id":795,"date":"2017-07-14T23:22:14","date_gmt":"2017-07-14T21:22:14","guid":{"rendered":"http:\/\/mcesson.se\/?p=795"},"modified":"2017-07-14T23:28:57","modified_gmt":"2017-07-14T21:28:57","slug":"gron-flickslanda","status":"publish","type":"post","link":"https:\/\/mcesson.se\/?p=795","title":{"rendered":"Gr\u00f6n flicksl\u00e4nda"},"content":{"rendered":"<p><a href=\"http:\/\/mcesson.se\/wp-content\/uploads\/2017\/07\/1J4A0798_1024.jpg\"><img decoding=\"async\" loading=\"lazy\" class=\"alignnone size-full wp-image-796\" src=\"http:\/\/mcesson.se\/wp-content\/uploads\/2017\/07\/1J4A0798_1024.jpg\" alt=\"\" width=\"1024\" height=\"576\" srcset=\"https:\/\/mcesson.se\/wp-content\/uploads\/2017\/07\/1J4A0798_1024.jpg 1024w, https:\/\/mcesson.se\/wp-content\/uploads\/2017\/07\/1J4A0798_1024-300x169.jpg 300w, https:\/\/mcesson.se\/wp-content\/uploads\/2017\/07\/1J4A0798_1024-768x432.jpg 768w\" sizes=\"(max-width: 1024px) 100vw, 1024px\" \/><\/a><a href=\"http:\/\/mcesson.se\/wp-content\/uploads\/2017\/07\/1J4A0794_1024.jpg\"><img decoding=\"async\" loading=\"lazy\" class=\"alignnone size-full wp-image-801\" src=\"http:\/\/mcesson.se\/wp-content\/uploads\/2017\/07\/1J4A0794_1024.jpg\" alt=\"\" width=\"1024\" height=\"683\" srcset=\"https:\/\/mcesson.se\/wp-content\/uploads\/2017\/07\/1J4A0794_1024.jpg 1024w, https:\/\/mcesson.se\/wp-content\/uploads\/2017\/07\/1J4A0794_1024-300x200.jpg 300w, https:\/\/mcesson.se\/wp-content\/uploads\/2017\/07\/1J4A0794_1024-768x512.jpg 768w\" sizes=\"(max-width: 1024px) 100vw, 1024px\" \/><\/a>Tog en promenad mellan regnskurarna med lilla kameran idag. Fotade lite av varje som jag brukar s\u00e5 hittade jag den h\u00e4r gr\u00f6na flicksl\u00e4ndan som satt och torkade sig. Naturligtvis tog batteriet slut i kameran precis n\u00e4r jag skulle ta f\u00f6rsta bilden p\u00e5 den s\u00e5 jag fick ta hela kvisten med sl\u00e4ndan p\u00e5 och g\u00e5 hem, s\u00e4tta upp den i ett tr\u00e4d och ta fram systemkameran och ta n\u00e5gra bilder. tror att sl\u00e4ndan valt fel dag att kl\u00e4ckas p\u00e5 n\u00e4r det regnat s\u00e5 mycket, kan inte ha varit l\u00e4tt att torka sig flygf\u00e4rdig idag.<\/p>\n","protected":false},"excerpt":{"rendered":"<p>Tog en promenad mellan regnskurarna med lilla kameran idag. Fotade lite av varje som jag brukar s\u00e5 hittade jag den h\u00e4r gr\u00f6na flicksl\u00e4ndan som satt och torkade sig. Naturligtvis tog batteriet slut i kameran precis n\u00e4r jag skulle ta f\u00f6rsta &hellip; <a href=\"https:\/\/mcesson.se\/?p=795\">Continue reading <span class=\"meta-nav\">&rarr;<\/span><\/a><\/p>\n","protected":false},"author":1,"featured_media":0,"comment_status":"open","ping_status":"closed","sticky":false,"template":"","format":"standard","meta":[],"categories":[1],"tags":[],"_links":{"self":[{"href":"https:\/\/mcesson.se\/index.php?rest_route=\/wp\/v2\/posts\/795"}],"collection":[{"href":"https:\/\/mcesson.se\/index.php?rest_route=\/wp\/v2\/posts"}],"about":[{"href":"https:\/\/mcesson.se\/index.php?rest_route=\/wp\/v2\/types\/post"}],"author":[{"embeddable":true,"href":"https:\/\/mcesson.se\/index.php?rest_route=\/wp\/v2\/users\/1"}],"replies":[{"embeddable":true,"href":"https:\/\/mcesson.se\/index.php?rest_route=%2Fwp%2Fv2%2Fcomments&post=795"}],"version-history":[{"count":4,"href":"https:\/\/mcesson.se\/index.php?rest_route=\/wp\/v2\/posts\/795\/revisions"}],"predecessor-version":[{"id":802,"href":"https:\/\/mcesson.se\/index.php?rest_route=\/wp\/v2\/posts\/795\/revisions\/802"}],"wp:attachment":[{"href":"https:\/\/mcesson.se\/index.php?rest_route=%2Fwp%2Fv2%2Fmedia&parent=795"}],"wp:term":[{"taxonomy":"category","embeddable":true,"href":"https:\/\/mcesson.se\/index.php?rest_route=%2Fwp%2Fv2%2Fcategories&post=795"},{"taxonomy":"post_tag","embeddable":true,"href":"https:\/\/mcesson.se\/index.php?rest_route=%2Fwp%2Fv2%2Ftags&post=795"}],"curies":[{"name":"wp","href":"https:\/\/api.w.org\/{rel}","templated":true}]}}