{"id":283,"date":"2015-12-27T01:27:11","date_gmt":"2015-12-27T00:27:11","guid":{"rendered":"http:\/\/mcesson.se\/?p=283"},"modified":"2015-12-27T01:31:33","modified_gmt":"2015-12-27T00:31:33","slug":"parlemomoln","status":"publish","type":"post","link":"https:\/\/mcesson.se\/?p=283","title":{"rendered":"P\u00e4rlemomoln"},"content":{"rendered":"<p><div id='gallery-1' class='gallery galleryid-283 gallery-columns-3 gallery-size-thumbnail'><dl class='gallery-item'>\n\t\t\t<dt class='gallery-icon landscape'>\n\t\t\t\t<a href='https:\/\/mcesson.se\/?attachment_id=276'><img width=\"150\" height=\"150\" src=\"https:\/\/mcesson.se\/wp-content\/uploads\/2015\/12\/1J4A9793_1024-150x150.jpg\" class=\"attachment-thumbnail size-thumbnail\" alt=\"\" decoding=\"async\" loading=\"lazy\" aria-describedby=\"gallery-1-276\" \/><\/a>\n\t\t\t<\/dt>\n\t\t\t\t<dd class='wp-caption-text gallery-caption' id='gallery-1-276'>\n\t\t\t\tP\u00e4rlemomoln\n\t\t\t\t<\/dd><\/dl><dl class='gallery-item'>\n\t\t\t<dt class='gallery-icon landscape'>\n\t\t\t\t<a href='https:\/\/mcesson.se\/?attachment_id=277'><img width=\"150\" height=\"150\" src=\"https:\/\/mcesson.se\/wp-content\/uploads\/2015\/12\/1J4A9801_1024-150x150.jpg\" class=\"attachment-thumbnail size-thumbnail\" alt=\"\" decoding=\"async\" loading=\"lazy\" aria-describedby=\"gallery-1-277\" \/><\/a>\n\t\t\t<\/dt>\n\t\t\t\t<dd class='wp-caption-text gallery-caption' id='gallery-1-277'>\n\t\t\t\tP\u00e4rlemomoln vid golfbanan\n\t\t\t\t<\/dd><\/dl><dl class='gallery-item'>\n\t\t\t<dt class='gallery-icon landscape'>\n\t\t\t\t<a href='https:\/\/mcesson.se\/?attachment_id=278'><img width=\"150\" height=\"150\" src=\"https:\/\/mcesson.se\/wp-content\/uploads\/2015\/12\/1J4A9812_1024-150x150.jpg\" class=\"attachment-thumbnail size-thumbnail\" alt=\"\" decoding=\"async\" loading=\"lazy\" aria-describedby=\"gallery-1-278\" \/><\/a>\n\t\t\t<\/dt>\n\t\t\t\t<dd class='wp-caption-text gallery-caption' id='gallery-1-278'>\n\t\t\t\tIsv\u00e4gen i Lycksele med p\u00e4rlemomoln.\n\t\t\t\t<\/dd><\/dl><br style=\"clear: both\" \/><dl class='gallery-item'>\n\t\t\t<dt class='gallery-icon landscape'>\n\t\t\t\t<a href='https:\/\/mcesson.se\/?attachment_id=279'><img width=\"150\" height=\"150\" src=\"https:\/\/mcesson.se\/wp-content\/uploads\/2015\/12\/1J4A9818_1024-150x150.jpg\" class=\"attachment-thumbnail size-thumbnail\" alt=\"\" decoding=\"async\" loading=\"lazy\" aria-describedby=\"gallery-1-279\" \/><\/a>\n\t\t\t<\/dt>\n\t\t\t\t<dd class='wp-caption-text gallery-caption' id='gallery-1-279'>\n\t\t\t\tP\u00e4rlemomoln vid ume\u00e4lven\n\t\t\t\t<\/dd><\/dl><dl class='gallery-item'>\n\t\t\t<dt class='gallery-icon landscape'>\n\t\t\t\t<a href='https:\/\/mcesson.se\/?attachment_id=281'><img width=\"150\" height=\"150\" src=\"https:\/\/mcesson.se\/wp-content\/uploads\/2015\/12\/1J4A9760_1024-150x150.jpg\" class=\"attachment-thumbnail size-thumbnail\" alt=\"\" decoding=\"async\" loading=\"lazy\" aria-describedby=\"gallery-1-281\" \/><\/a>\n\t\t\t<\/dt>\n\t\t\t\t<dd class='wp-caption-text gallery-caption' id='gallery-1-281'>\n\t\t\t\tP\u00e4rlemomoln\n\t\t\t\t<\/dd><\/dl><dl class='gallery-item'>\n\t\t\t<dt class='gallery-icon landscape'>\n\t\t\t\t<a href='https:\/\/mcesson.se\/?attachment_id=285'><img width=\"150\" height=\"150\" src=\"https:\/\/mcesson.se\/wp-content\/uploads\/2015\/12\/1J4A9841_1024-150x150.jpg\" class=\"attachment-thumbnail size-thumbnail\" alt=\"\" decoding=\"async\" loading=\"lazy\" aria-describedby=\"gallery-1-285\" \/><\/a>\n\t\t\t<\/dt>\n\t\t\t\t<dd class='wp-caption-text gallery-caption' id='gallery-1-285'>\n\t\t\t\tJu l\u00e4gre solen kommer desto r\u00f6dare blir molnen.\n\t\t\t\t<\/dd><\/dl><br style=\"clear: both\" \/>\n\t\t<\/div>\n<br \/>\nI dag var jag ute i skogen och rastade Diza (hunden) b\u00f6rjade det dyka lite p\u00e4rlemomoln (polarstratof\u00e4riska moln) och efter ett tag var det mycket p\u00e4rlemomoln p\u00e5 himlen.<br \/>\nP\u00e4rlemomolnen ligger h\u00f6gt upp, oftast \u00f6ver 20000 meter, molnen best\u00e5r av vatten, salpetersyra och svavelsyra som fryser vid mycket l\u00e5ga temperaturer. P\u00e5 grund av den h\u00f6ga h\u00f6jden &#8221;lyser&#8221; p\u00e4rlemomolnen en bra stund efter att solen g\u00e5tt ner. Hur som helst \u00e4r det mycket vackert att f\u00e5 se dessa moln.<\/p>\n","protected":false},"excerpt":{"rendered":"<p>I dag var jag ute i skogen och rastade Diza (hunden) b\u00f6rjade det dyka lite p\u00e4rlemomoln (polarstratof\u00e4riska moln) och efter ett tag var det mycket p\u00e4rlemomoln p\u00e5 himlen. P\u00e4rlemomolnen ligger h\u00f6gt upp, oftast \u00f6ver 20000 meter, molnen best\u00e5r av vatten, &hellip; <a href=\"https:\/\/mcesson.se\/?p=283\">Continue reading <span class=\"meta-nav\">&rarr;<\/span><\/a><\/p>\n","protected":false},"author":1,"featured_media":0,"comment_status":"closed","ping_status":"open","sticky":false,"template":"","format":"standard","meta":[],"categories":[1],"tags":[],"_links":{"self":[{"href":"https:\/\/mcesson.se\/index.php?rest_route=\/wp\/v2\/posts\/283"}],"collection":[{"href":"https:\/\/mcesson.se\/index.php?rest_route=\/wp\/v2\/posts"}],"about":[{"href":"https:\/\/mcesson.se\/index.php?rest_route=\/wp\/v2\/types\/post"}],"author":[{"embeddable":true,"href":"https:\/\/mcesson.se\/index.php?rest_route=\/wp\/v2\/users\/1"}],"replies":[{"embeddable":true,"href":"https:\/\/mcesson.se\/index.php?rest_route=%2Fwp%2Fv2%2Fcomments&post=283"}],"version-history":[{"count":5,"href":"https:\/\/mcesson.se\/index.php?rest_route=\/wp\/v2\/posts\/283\/revisions"}],"predecessor-version":[{"id":289,"href":"https:\/\/mcesson.se\/index.php?rest_route=\/wp\/v2\/posts\/283\/revisions\/289"}],"wp:attachment":[{"href":"https:\/\/mcesson.se\/index.php?rest_route=%2Fwp%2Fv2%2Fmedia&parent=283"}],"wp:term":[{"taxonomy":"category","embeddable":true,"href":"https:\/\/mcesson.se\/index.php?rest_route=%2Fwp%2Fv2%2Fcategories&post=283"},{"taxonomy":"post_tag","embeddable":true,"href":"https:\/\/mcesson.se\/index.php?rest_route=%2Fwp%2Fv2%2Ftags&post=283"}],"curies":[{"name":"wp","href":"https:\/\/api.w.org\/{rel}","templated":true}]}}